{"id":60,"date":"2025-03-25T12:09:52","date_gmt":"2025-03-25T12:09:52","guid":{"rendered":"https:\/\/benselme.net\/?p=60"},"modified":"2025-03-25T13:41:55","modified_gmt":"2025-03-25T13:41:55","slug":"la-loi-94-de-drainville-est-elle-laique","status":"publish","type":"post","link":"https:\/\/benselme.net\/index.php\/2025\/03\/25\/la-loi-94-de-drainville-est-elle-laique\/","title":{"rendered":"La loi 94 de Drainville est-elle la\u00efque?"},"content":{"rendered":"\n<p>Avec son projet de loi 94, Drainville poursuit son obsession pour les \u00abvisages couverts\u00bb (obsession partag\u00e9e avec nombre de m\u00e9dias) et les \u00absignes religieux\u00bb(=le hidjab) sous pr\u00e9texte de la\u00efcit\u00e9. Il est temps de rappeler encore une fois que la la\u00efcit\u00e9 ce n&rsquo;est pas \u00e7a, pas du tout\u2026<\/p>\n\n\n\n<p>La la\u00efcit\u00e9 c&rsquo;est m\u00eame l&rsquo;oppos\u00e9 des projets comme celui-ci, la loi 21 , et les autres (lois 62, 94 du PLQ, charte des valeurs du PQ). Deux sp\u00e9cialistes, le fran\u00e7ais Jean Baub\u00e9rot et et la qu\u00e9b\u00e9coise Micheline Milot, la d\u00e9finissent comme ceci dans <a href=\"https:\/\/www.leslibraires.ca\/livres\/laicites-sans-frontieres-jean-bauberot-vincent-9782020996167.html\">La\u00efcit\u00e9s sans fronti\u00e8res<\/a>: <\/p>\n\n\n\n<p>La la\u00efcit\u00e9 est un \u00abmode d\u2019organisation politique visant la protection de la libert\u00e9 de conscience et l\u2019\u00e9galit\u00e9 entre les citoyens\u00bb (pas une \u00abvaleur\u00bb, donc). Milot et Baub\u00e9rot en d\u00e9duisent 2 finalit\u00e9s et 2 moyens <\/p>\n\n\n\n<p>Finalit\u00e9s: 1. La libert\u00e9 de conscience et 2. L&rsquo;\u00e9galit\u00e9 entre les citoyen\u00b7ne\u00b7s. Moyens: 3. S\u00e9paration de l&rsquo;\u00c9tat et de la religion 4. Neutralit\u00e9 de l&rsquo;\u00c9tat<\/p>\n\n\n\n<p>(1) Un but: la libert\u00e9 de conscience. Elle inclut la libert\u00e9 de religion, qui ne peut \u00eatre rel\u00e9gu\u00e9e au \u00ab\u00a0for int\u00e9rieur\u00a0\u00bb, \u00e9videmment, puisqu&rsquo;on ne peut emp\u00eacher personne de penser de toutes fa\u00e7ons. La libert\u00e9 de \u00abpratiquer chez soi\u00bb souvent \u00e9voqu\u00e9e, c&rsquo;est une libert\u00e9 vide.<\/p>\n\n\n\n<p>Ainsi, cette libert\u00e9 ne peut \u00eatre atteinte sans un autre but: (2) l&rsquo;\u00e9galit\u00e9 entre les citoyen\u00b7ne\u00b7s. On a les m\u00eames droits peu importe nos croyances ou non-croyances. Chacun\u00b7e a sa propre conception de la \u00abvie bonne\u00bb mais doit \u00eatre trait\u00e9\u00b7e \u00e9galement.<\/p>\n\n\n\n<p>(3) S\u00e9paration des institutions religieuses et de l&rsquo;\u00c9tat. Pas un but de la la\u00efcit\u00e9, mais un moyen de garantir qu&rsquo;une religion n&rsquo;est pas favoris\u00e9e. Moyen n\u00e9cessaire mais insuffisant (qu&rsquo;on pense aux anciens r\u00e9gimes sovi\u00e9tiques non religieux qui opprimaient toutes les religions).<\/p>\n\n\n\n<p>(4) Neutralit\u00e9 de l&rsquo;\u00c9tat: l&rsquo;id\u00e9e la\u00efque est que l&rsquo;\u00c9tat repr\u00e9sente l&rsquo;ensemble du peuple (<em>la\u00f3s<\/em>, \u03bb\u03b1\u03cc\u03c2) et pour ce faire doit se montrer impartial. Donc ne pas favoriser une croyance ou une autre, et renoncer \u00e0 toute comp\u00e9tence th\u00e9ologique (=pas d&rsquo;interpr\u00e9tation des croyances)<\/p>\n\n\n\n<p>On voit donc tr\u00e8s bien que les lois prohibitionnistes ( loi 21,  loi 94 au Qu\u00e9bec, lois de 2004 et 2010 en France) vont \u00e0 l&rsquo;encontre de tous les principes la\u00efques except\u00e9 la s\u00e9paration \u00c9tat\/religion (qui n&rsquo;est qu&rsquo;un moyen et qu&rsquo;elles ne renforcent pas non plus)<\/p>\n\n\n\n<p>Interdire \u00e0 des femmes musulmanes de travailler parce qu&rsquo;elles portent un foulard, c&rsquo;est contraire \u00e0 la libert\u00e9 de conscience et \u00e0 l&rsquo;\u00e9galit\u00e9. Et interpr\u00e9ter le r\u00f4le du hidjab en islam ou d\u00e9cider de ce qui est un signe religieux ou pas va \u00e0 l&rsquo;encontre de la neutralit\u00e9 de l&rsquo;\u00c9tat.<\/p>\n\n\n\n<p>C&rsquo;est pourquoi Jean Baub\u00e9rot qualifie ce type de la\u00efcit\u00e9 de \u00ab<a href=\"https:\/\/redisco.hypotheses.org\/91\">La\u00efcit\u00e9 falsifi\u00e9e<\/a>\u00bb, une \u00abla\u00efcit\u00e9 identitaire\u00bb devenue un pr\u00e9texte pour la x\u00e9nophobie et qui est d&rsquo;ailleurs exploit\u00e9e par l&rsquo;extr\u00eame droite en France comme ici.<\/p>\n\n\n\n<p>Mais ce n&rsquo;est pas surprenant de la part de Drainville, d\u00e9j\u00e0 \u00ab\u00a0p\u00e8re\u00a0\u00bb de la charte des valeurs du PQ en 2013 qui se base sur des calculs politiciens (<a href=\"https:\/\/plus.lapresse.ca\/screens\/4aa7-e808-519b92d2-862b-2554ac1c606a__7C___0.html\">la charte des valeurs avait \u00e9t\u00e9 lanc\u00e9e et nomm\u00e9e ainsi suite \u00e0 un sondage<\/a>) et des croyances de type complotiste comme la th\u00e9orie de l&rsquo;islamisation: dans cet extrait audio, Drainville approuve les propos d&rsquo;une auditrice \u00e9voquant l&rsquo;islamisation du monde et du Qu\u00e9bec<\/p>\n\n\n\n<figure class=\"wp-block-embed is-type-rich is-provider-soundcloud wp-block-embed-soundcloud\"><div class=\"wp-block-embed__wrapper\">\n<iframe loading=\"lazy\" title=\"Bernard Drainville sur l&#039; &quot;islamisation&quot; by thomasgerbet\" width=\"500\" height=\"400\" scrolling=\"no\" frameborder=\"no\" src=\"https:\/\/w.soundcloud.com\/player\/?visual=true&#038;url=https%3A%2F%2Fapi.soundcloud.com%2Ftracks%2F110077642&#038;show_artwork=true&#038;maxheight=750&#038;maxwidth=500\"><\/iframe>\n<\/div><\/figure>\n\n\n\n<p>Le projet de #Loi94 est dangereux et va bien plus loin que d&rsquo;interdire le visage couvert aux \u00e9l\u00e8ves. Il interdit \u00e0 tout le personnel de l&rsquo;\u00e9cole de porter des signes religieux et interdit les accommodements religieux pour profs et \u00e9l\u00e8ves (nourriture, cong\u00e9s, activit\u00e9s).<\/p>\n\n\n\n<p>Le l\u00e9gislateur a de plus eu le culot de faire ajouter un peu partout dans la Loi sur l&rsquo;instruction publique que \u00ab\u00a0les valeurs d\u00e9mocratiques, les valeurs qu\u00e9b\u00e9coises, et l&rsquo;\u00e9galit\u00e9 entre les femmes et les hommes\u00a0\u00bb doivent \u00eatre respect\u00e9es&#8230; tout en utilisant la clause d\u00e9rogatoire qui vient suspendre des articles de la Charte des droits et libert\u00e9s de la personne,  dont l&rsquo;article n\u00b03 qui garantit les libert\u00e9s de conscience et de religion \u2014 article la\u00efque s&rsquo;il en est! Une charte d&rsquo;ailleurs adopt\u00e9e \u00e0 l&rsquo;unanimit\u00e9 par l&rsquo;Assembl\u00e9e nationale en 1976 (voil\u00e0 pour la d\u00e9mocratie)<\/p>\n\n\n\n<p>La #loi94, en d\u00e9pit de son nom, est donc un recul majeur pour la la\u00efcit\u00e9 au Qu\u00e9bec et sans aucun doute une insulte \u00e0 nos \u00ab\u00a0valeurs d\u00e9mocratiques\u00a0\u00bb.<\/p>\n","protected":false},"excerpt":{"rendered":"<p>Avec son projet de loi 94, Drainville poursuit son obsession pour les \u00abvisages couverts\u00bb (obsession partag\u00e9e avec nombre de m\u00e9dias) et les \u00absignes religieux\u00bb(=le hidjab) sous pr\u00e9texte de la\u00efcit\u00e9. Il est temps de rappeler encore une fois que la la\u00efcit\u00e9 ce n&rsquo;est pas \u00e7a, pas du tout\u2026 La la\u00efcit\u00e9 c&rsquo;est m\u00eame l&rsquo;oppos\u00e9 des projets comme [&hellip;]<\/p>\n","protected":false},"author":1,"featured_media":61,"comment_status":"closed","ping_status":"open","sticky":false,"template":"","format":"standard","meta":{"footnotes":""},"categories":[4],"tags":[],"class_list":["post-60","post","type-post","status-publish","format-standard","has-post-thumbnail","hentry","category-fils-bluesky"],"_links":{"self":[{"href":"https:\/\/benselme.net\/index.php\/wp-json\/wp\/v2\/posts\/60","targetHints":{"allow":["GET"]}}],"collection":[{"href":"https:\/\/benselme.net\/index.php\/wp-json\/wp\/v2\/posts"}],"about":[{"href":"https:\/\/benselme.net\/index.php\/wp-json\/wp\/v2\/types\/post"}],"author":[{"embeddable":true,"href":"https:\/\/benselme.net\/index.php\/wp-json\/wp\/v2\/users\/1"}],"replies":[{"embeddable":true,"href":"https:\/\/benselme.net\/index.php\/wp-json\/wp\/v2\/comments?post=60"}],"version-history":[{"count":4,"href":"https:\/\/benselme.net\/index.php\/wp-json\/wp\/v2\/posts\/60\/revisions"}],"predecessor-version":[{"id":65,"href":"https:\/\/benselme.net\/index.php\/wp-json\/wp\/v2\/posts\/60\/revisions\/65"}],"wp:featuredmedia":[{"embeddable":true,"href":"https:\/\/benselme.net\/index.php\/wp-json\/wp\/v2\/media\/61"}],"wp:attachment":[{"href":"https:\/\/benselme.net\/index.php\/wp-json\/wp\/v2\/media?parent=60"}],"wp:term":[{"taxonomy":"category","embeddable":true,"href":"https:\/\/benselme.net\/index.php\/wp-json\/wp\/v2\/categories?post=60"},{"taxonomy":"post_tag","embeddable":true,"href":"https:\/\/benselme.net\/index.php\/wp-json\/wp\/v2\/tags?post=60"}],"curies":[{"name":"wp","href":"https:\/\/api.w.org\/{rel}","templated":true}]}}