{"id":42,"date":"2024-12-28T16:27:33","date_gmt":"2024-12-28T16:27:33","guid":{"rendered":"https:\/\/benselme.net\/?p=42"},"modified":"2024-12-28T16:53:12","modified_gmt":"2024-12-28T16:53:12","slug":"1994-1ere-crise-du-hidjab-au-quebec","status":"publish","type":"post","link":"https:\/\/benselme.net\/index.php\/2024\/12\/28\/1994-1ere-crise-du-hidjab-au-quebec\/","title":{"rendered":"1994: 1\u00e8re crise du hidjab au Qu\u00e9bec"},"content":{"rendered":"\n<p>Apparemment c&rsquo;est la saison o\u00f9 on sort Fran\u00e7ois Bayrou des boules \u00e0 mites! Il se trouve que Bayrou a eu une influence certaine, quoiqu&rsquo;indirecte, sur la cr\u00e9ation du \u00abprobl\u00e8me mulsulman\u00bb au Qu\u00e9bec. On remonte donc \u00e0 1994, il y a 30 ans, pour la 1\u00e8re \u00abcrise du hidjab\u00bb au Qu\u00e9bec&#8230;<\/p>\n\n\n\n<p>\u00c0 la rentr\u00e9e scolaire de septembre 1994, le directeur de l&rsquo;\u00e9cole Louis-Riel \u00e0 Rosemont renvoie chez elle la jeune \u00c9milie Ouimet car sa tenue enfreint le code vestimentaire de l&rsquo;\u00e9cole: elle porte un hidjab. Ses parents lui trouvent donc tr\u00e8s vite un autre \u00e9tablissement. Anodin? Voire banal?<\/p>\n\n\n\n<p>S\u00fbrement pas pour <em>La Presse<\/em>! Le 9 septembre, le fameux quotidien place l&rsquo;histoire en premi\u00e8re page, et m\u00eame tout en haut. On y reproduit sans nuances la parole du directeur de l&rsquo;\u00e9cole qui met dans le m\u00eame sac hidjab et insignes n\u00e9o-nazis.<\/p>\n\n\n\n<figure class=\"wp-block-image size-large\"><img loading=\"lazy\" decoding=\"async\" width=\"1024\" height=\"477\" src=\"https:\/\/benselme.net\/wp-content\/uploads\/2024\/12\/lapresse-emilie-ouimet-1994-1ere-page-1024x477.png\" alt=\"Reproduction de la une du journal La Presse du vendredi 9 septembre 1994 \n\n\u00c9l\u00e8ve expuls\u00e9e de son \u00e9cole parce qu'elle portait le foulard islamique\n\nBerger, Fran\u00e7ois\n\nUne \u00e9l\u00e8ve du secondaire a \u00e9t\u00e9 expuls\u00e9e de l'\u00e9cole Louis-Riel, lors de la rentr\u00e9e scolaire mercredi, parce qu'elle portait le foulard islamique en contravention des r\u00e8gles de l'\u00e9cole r\u00e9gissant la tenue vestimentaire.\n\nPourtant, le port du hijab (voile ou foulard camouflant les cheveux) est de plus en plus tol\u00e9r\u00e9 dans les \u00e9tablissements de la Commission des \u00e9coles catholiques de Montr\u00e9al (CECM). Certaines \u00e9coles l'acceptent depuis des ann\u00e9es et la CECM envisage maintenant la possibilit\u00e9 d'\u00e9dicter une politique sur cette question, car elle doit composer avec une population musulmane de plus en plus nombreuse (on compte quelque 40000 musulmans dans la r\u00e9gion m\u00e9tropolitaine).\n\nLa jeune \u00c9milie Ouimet, \u00e2g\u00e9e de 13 ans, s'est pr\u00e9sent\u00e9e \u00e0 son \u00e9cole de l'est de Montr\u00e9al en portant le hijab et une longue tunique. \u00abNous lui avons demand\u00e9 de rentrer \u00e0 la maison pour se changer, comme nous le faisons pour les \u00e9l\u00e8ves portant des jeans ou des T-shirts\u00bb, a dit hier \u00e0 La Presse le directeur de l'\u00e9cole Louis-Riel, M. Normand Dor\u00e9.\n\nLes r\u00e8gles vestimentaires de l'\u00e9cole, qui accueille 1650 adolescents, stipulent qu'un \u00e9l\u00e8ve ne doit rien porter qui le \u00abmarginalise\u00bb, a expliqu\u00e9 M. Dor\u00e9. L'expulsion d'\u00c9milie a \u00e9t\u00e9 une mesure pr\u00e9ventive, a-t-il dit, car \u00able port d'un signe distinctif, comme le hijab ou des insignes n\u00e9onazis, par exemple, peut polariser l'agressivit\u00e9 des jeunes\u00bb.\" class=\"wp-image-43\" srcset=\"https:\/\/benselme.net\/wp-content\/uploads\/2024\/12\/lapresse-emilie-ouimet-1994-1ere-page-1024x477.png 1024w, https:\/\/benselme.net\/wp-content\/uploads\/2024\/12\/lapresse-emilie-ouimet-1994-1ere-page-300x140.png 300w, https:\/\/benselme.net\/wp-content\/uploads\/2024\/12\/lapresse-emilie-ouimet-1994-1ere-page-768x358.png 768w, https:\/\/benselme.net\/wp-content\/uploads\/2024\/12\/lapresse-emilie-ouimet-1994-1ere-page-1536x716.png 1536w, https:\/\/benselme.net\/wp-content\/uploads\/2024\/12\/lapresse-emilie-ouimet-1994-1ere-page.png 1642w\" sizes=\"auto, (max-width: 1024px) 100vw, 1024px\" \/><\/figure>\n\n\n\n<p><a href=\"https:\/\/numerique.banq.qc.ca\/patrimoine\/details\/52327\/2178433\">https:\/\/numerique.banq.qc.ca\/patrimoine\/details\/52327\/2178433<\/a><\/p>\n\n\n\n<p>Or en France, deux jours plus tard, le ministre de l&rsquo;\u00c9ducation nationale F. Bayrou d\u00e9cr\u00e8te, sondage en main, que les \u00absignes religieux ostentatoires\u00bb seront interdits en classe. \u00abLa volont\u00e9 nationale sur ce point me para\u00eet trop massive pour \u00eatre ignor\u00e9e\u00bb, dit-il<\/p>\n\n\n\n<figure class=\"wp-block-embed is-type-video is-provider-youtube wp-block-embed-youtube wp-embed-aspect-4-3 wp-has-aspect-ratio\"><div class=\"wp-block-embed__wrapper\">\n<iframe loading=\"lazy\" title=\"bayrou 1994 signes religieux\" width=\"500\" height=\"375\" src=\"https:\/\/www.youtube.com\/embed\/4qWSw0VpleM?feature=oembed\" frameborder=\"0\" allow=\"accelerometer; autoplay; clipboard-write; encrypted-media; gyroscope; picture-in-picture; web-share\" referrerpolicy=\"strict-origin-when-cross-origin\" allowfullscreen><\/iframe>\n<\/div><\/figure>\n\n\n\n<p>Bayrou innovait car \u00e0 ce moment-l\u00e0, car il n&rsquo;y avait m\u00eame pas eu en France de \u00abcontroverse\u00bb m\u00e9diatis\u00e9e concernant des \u00e9l\u00e8ves musulmanes depuis 1989. Un simple acte d\u00e9magogique de diversion, donc. Au Qu\u00e9bec, les choses ne s&rsquo;arr\u00eatent pas l\u00e0\u2026<\/p>\n\n\n\n<p>Suite \u00e0 l&rsquo;\u00abaffaire\u00bb Ouimet, plus de 100 articles sur le sujet du foulard \u00e0 l&rsquo;\u00e9cole sont publi\u00e9s, selon la chercheuse Coryse Ciceri qui a \u00e9tudi\u00e9 le ph\u00e9nom\u00e8ne. Et principalement dans La Presse et Le Devoir (tr\u00e8s peu dans le Journal de Montr\u00e9al)<\/p>\n\n\n\n<p><a href=\"https:\/\/journals.openedition.org\/urmis\/379\">https:\/\/journals.openedition.org\/urmis\/379<\/a><\/p>\n\n\n\n<p>Un chose cocasse, c&rsquo;est qu&rsquo;en 1994, les \u00e9coles publiques du Qu\u00e9bec n&rsquo;\u00e9taient m\u00eame pas d\u00e9confessionnalis\u00e9es\u2026 On parle donc de la\u00efcit\u00e9 dans les \u00e9tablissements de la Commission des \u00e9coles catholiques de Montr\u00e9al (CECM)!<\/p>\n\n\n\n<p>L&#8217;emballement se poursuit jusqu&rsquo;en avril 1995 et \u00e7a d\u00e9rape \u00e0 tout va. \u00c9milie Ouimet est aussit\u00f4t oubli\u00e9e mais on d\u00e9bat de hidjab et d&rsquo;islam au Qu\u00e9bec en pla\u00e7ant en toile de fond les horreurs de la guerre civile en Alg\u00e9rie et du terrorisme dit islamique.<\/p>\n\n\n\n<p>\u00c9mission sp\u00e9ciale terrifiante de \u00abSecond regard\u00bb sur Radio-Canada, s\u00e9rie d&rsquo;articles de Nathalie Petrowski qui se prom\u00e8ne voil\u00e9e et donne ses impressions franchement racistes sur les musulman\u00b7e\u00b7s de Montr\u00e9al&#8230; d\u00e9bats, opinions, reportages&#8230;<\/p>\n\n\n\n<figure class=\"wp-block-image size-large\"><img loading=\"lazy\" decoding=\"async\" width=\"1024\" height=\"521\" src=\"https:\/\/benselme.net\/wp-content\/uploads\/2024\/12\/image-4-1024x521.png\" alt=\"Une du journal La Presse le 25 mars 1995 avec \u00e0 droite la rubrique de Nathalie Petrowski. Sa photo habituelle est remplac\u00e9e par son portrait en hidjab.\n\nJe porte le hijab depuis une semaine. Tous les jours de 9 \u00e0 5. Je le porte partout sauf \u00e0 la maison. Je le porte de fa\u00e7on orthodoxe: rabattu sur le front, les cheveux compl\u00e8tement cach\u00e9s, le cou couvert, l'ovale du visage encastr\u00e9 dans les pans du foulard comme un m\u00e9daillon.\n\nMon foulard est blanc. D'un blanc pur et musulman. D'un blanc qui flashe. Impossible de passer inaper\u00e7ue.\n\nLe hijab, c'est l'id\u00e9e de mes patrons. Ils m'ont demand\u00e9 de le porter pendant une semaine pour voir la r\u00e9action des gens sur mon passage. Ils vont \u00eatre d\u00e9\u00e7us.\" class=\"wp-image-48\" srcset=\"https:\/\/benselme.net\/wp-content\/uploads\/2024\/12\/image-4-1024x521.png 1024w, https:\/\/benselme.net\/wp-content\/uploads\/2024\/12\/image-4-300x153.png 300w, https:\/\/benselme.net\/wp-content\/uploads\/2024\/12\/image-4-768x391.png 768w, https:\/\/benselme.net\/wp-content\/uploads\/2024\/12\/image-4.png 1378w\" sizes=\"auto, (max-width: 1024px) 100vw, 1024px\" \/><\/figure>\n\n\n\n<p><a href=\"https:\/\/numerique.banq.qc.ca\/patrimoine\/details\/52327\/2179564\">https:\/\/numerique.banq.qc.ca\/patrimoine\/details\/52327\/2179564<\/a><\/p>\n\n\n\n<p>C&rsquo;est \u00e0 coups d&rsquo;amalgames et de sensationnalisme que l&rsquo;\u00e9lite m\u00e9diatique qu\u00e9b\u00e9coise impose donc en 1994\/1995 le th\u00e8me de l&rsquo;islam vu comme un probl\u00e8me, et m\u00eame souvent comme une menace.<\/p>\n\n\n\n<p>Et sans doute, ce qui est d\u00e9couvert \u00e0 ce moment l\u00e0 est que cette islamophobie moderne est un \u00abracisme respectable\u00bb. Car il n&rsquo;y a pas de backlash, et ce malgr\u00e9 la grossi\u00e8ret\u00e9 des propos tenus sur les musulman\u00b7e\u00b7s.<\/p>\n\n\n\n<figure class=\"wp-block-image size-large\"><img loading=\"lazy\" decoding=\"async\" width=\"1024\" height=\"840\" src=\"https:\/\/benselme.net\/wp-content\/uploads\/2024\/12\/caricature-islamophobe-la-presse-9-septembre-1994-1024x840.jpeg\" alt=\"Caricature. Titre L'int\u00e9grisme... en direct d'Alger. Montre un alg\u00e9rien portant une djellaba et un bonnet de pri\u00e8re agenouill\u00e9 devant un \u00e2ne. Mosqu\u00e9e en arri\u00e8re-plan. L'\u00e2ne dit &quot;L'intelligence est ennemie de Dieu. Donc les penseurs et les intellectuels sont les ennemis de Dieu&quot;. L'homme r\u00e9pond &quot;Tu as raison \u00f4 mon fr\u00e8re&quot;.\" class=\"wp-image-49\" srcset=\"https:\/\/benselme.net\/wp-content\/uploads\/2024\/12\/caricature-islamophobe-la-presse-9-septembre-1994-1024x840.jpeg 1024w, https:\/\/benselme.net\/wp-content\/uploads\/2024\/12\/caricature-islamophobe-la-presse-9-septembre-1994-300x246.jpeg 300w, https:\/\/benselme.net\/wp-content\/uploads\/2024\/12\/caricature-islamophobe-la-presse-9-septembre-1994-768x630.jpeg 768w, https:\/\/benselme.net\/wp-content\/uploads\/2024\/12\/caricature-islamophobe-la-presse-9-septembre-1994.jpeg 1280w\" sizes=\"auto, (max-width: 1024px) 100vw, 1024px\" \/><figcaption class=\"wp-element-caption\">Caricature parue dans <em>La Presse<\/em> du 9 septembre 1994<\/figcaption><\/figure>\n\n\n\n<p>Cette mini \u00abcrise du hidjab\u00bb de 1994 est importante car elle augure la \u00abcrise des accommodements raisonnables\u00bb de 2006 et toutes les paniques identitaires qui se succ\u00e8dent depuis.<\/p>\n\n\n\n<p>Merci d&rsquo;avoir lu ce fil, bas\u00e9 sur les recherches faites avec <a href=\"https:\/\/bsky.app\/profile\/nikbarryshaw.bsky.social\">Nik Barry-Shaw<\/a> dans l&rsquo;optique d&rsquo;un livre encore \u00e0 terminer.<\/p>\n\n\n\n<p><\/p>\n","protected":false},"excerpt":{"rendered":"<p>Apparemment c&rsquo;est la saison o\u00f9 on sort Fran\u00e7ois Bayrou des boules \u00e0 mites! Il se trouve que Bayrou a eu une influence certaine, quoiqu&rsquo;indirecte, sur la cr\u00e9ation du \u00abprobl\u00e8me mulsulman\u00bb au Qu\u00e9bec. On remonte donc \u00e0 1994, il y a 30 ans, pour la 1\u00e8re \u00abcrise du hidjab\u00bb au Qu\u00e9bec&#8230; \u00c0 la rentr\u00e9e scolaire de [&hellip;]<\/p>\n","protected":false},"author":1,"featured_media":51,"comment_status":"closed","ping_status":"open","sticky":false,"template":"","format":"standard","meta":{"footnotes":""},"categories":[4],"tags":[10,9,5,7,8,6],"class_list":["post-42","post","type-post","status-publish","format-standard","has-post-thumbnail","hentry","category-fils-bluesky","tag-ecoles","tag-france","tag-hidjab","tag-islamophobie","tag-medias","tag-quebec"],"_links":{"self":[{"href":"https:\/\/benselme.net\/index.php\/wp-json\/wp\/v2\/posts\/42","targetHints":{"allow":["GET"]}}],"collection":[{"href":"https:\/\/benselme.net\/index.php\/wp-json\/wp\/v2\/posts"}],"about":[{"href":"https:\/\/benselme.net\/index.php\/wp-json\/wp\/v2\/types\/post"}],"author":[{"embeddable":true,"href":"https:\/\/benselme.net\/index.php\/wp-json\/wp\/v2\/users\/1"}],"replies":[{"embeddable":true,"href":"https:\/\/benselme.net\/index.php\/wp-json\/wp\/v2\/comments?post=42"}],"version-history":[{"count":7,"href":"https:\/\/benselme.net\/index.php\/wp-json\/wp\/v2\/posts\/42\/revisions"}],"predecessor-version":[{"id":57,"href":"https:\/\/benselme.net\/index.php\/wp-json\/wp\/v2\/posts\/42\/revisions\/57"}],"wp:featuredmedia":[{"embeddable":true,"href":"https:\/\/benselme.net\/index.php\/wp-json\/wp\/v2\/media\/51"}],"wp:attachment":[{"href":"https:\/\/benselme.net\/index.php\/wp-json\/wp\/v2\/media?parent=42"}],"wp:term":[{"taxonomy":"category","embeddable":true,"href":"https:\/\/benselme.net\/index.php\/wp-json\/wp\/v2\/categories?post=42"},{"taxonomy":"post_tag","embeddable":true,"href":"https:\/\/benselme.net\/index.php\/wp-json\/wp\/v2\/tags?post=42"}],"curies":[{"name":"wp","href":"https:\/\/api.w.org\/{rel}","templated":true}]}}