{"id":1,"date":"2024-12-15T21:51:40","date_gmt":"2024-12-15T21:51:40","guid":{"rendered":"http:\/\/tjzucfk.cluster051.hosting.ovh.net\/?p=1"},"modified":"2024-12-17T16:04:17","modified_gmt":"2024-12-17T16:04:17","slug":"legault-prieres-de-rue","status":"publish","type":"post","link":"https:\/\/benselme.net\/index.php\/2024\/12\/15\/legault-prieres-de-rue\/","title":{"rendered":"Legault et les pri\u00e8res de rue, recycler une id\u00e9e de Le Pen"},"content":{"rendered":"\n<p>Initialement publi\u00e9 sur BlueSky:<a href=\"https:\/\/bsky.app\/profile\/benselme.bsky.social\/post\/3ldeweotdbk2c\"> https:\/\/bsky.app\/profile\/benselme.bsky.social\/post\/3ldeweotdbk2c<\/a><\/p>\n\n\n\n<p>La mobilisation du th\u00e8me des pri\u00e8res de rue par Legault, \u00e7a vient d&rsquo;o\u00f9? Comme souvent c&rsquo;est du c\u00f4t\u00e9 de la France qu&rsquo;il faut se tourner pour comprendre l&rsquo;irruption de cette lubie au Qu\u00e9bec. \ud83e\uddf5 sur ces paniques identitaires d\u00e9clench\u00e9es par l&rsquo;extr\u00eame droite fran\u00e7aise depuis 15 ans environ<\/p>\n\n\n\n<p>Un article de Fatima Khemilat d\u00e9crit tr\u00e8s bien le processus par lequel ce th\u00e8me s&rsquo;est impos\u00e9 l\u00e0-bas, partant de milieux n\u00e9o-nazis, relay\u00e9s par les m\u00e9dias, puis l&rsquo;extr\u00eame droite de Le Pen et enfin pris en charge par la droite mainstream et l&rsquo;\u00c9tat:<\/p>\n\n\n\n<p><a href=\"https:\/\/shs.cairn.info\/revue-confluences-mediterranee-2018-3-page-81\">https:\/\/shs.cairn.info\/revue-confluences-mediterranee-2018-3-page-81<\/a><\/p>\n\n\n\n<p>Tout commence en mai 2010. \u00c0 Paris, le quartier de la Goutte d&rsquo;Or est c\u00e9l\u00e8bre pour \u00eatre un des plus multi-ethniques de la capitale. J. Chirac s&rsquo;y r\u00e9f\u00e8re lors de sa sortie sur \u00ab le bruit et l&rsquo;odeur \u00bb en 1991, \u00e9tape m\u00e9morable de la lep\u00e9nisation du futur pr\u00e9sident<\/p>\n\n\n\n<figure class=\"wp-block-embed is-type-video is-provider-youtube wp-block-embed-youtube wp-embed-aspect-4-3 wp-has-aspect-ratio\"><div class=\"wp-block-embed__wrapper\">\n<iframe loading=\"lazy\" title=\"Le bruit et l&#039;odeur. Jacques Chirac.\" width=\"500\" height=\"375\" src=\"https:\/\/www.youtube.com\/embed\/4BxaVdu0hqU?start=38&#038;feature=oembed\" frameborder=\"0\" allow=\"accelerometer; autoplay; clipboard-write; encrypted-media; gyroscope; picture-in-picture; web-share\" referrerpolicy=\"strict-origin-when-cross-origin\" allowfullscreen><\/iframe>\n<\/div><\/figure>\n\n\n\n<p>En 2010 donc, une certaine Sylvie Fran\u00e7ois habitant le quartier \u00abdepuis plusieurs g\u00e9n\u00e9rations\u00bb lance un groupe Facebook pour organiser \u00abap\u00e9ritif g\u00e9ant saucisson et pinard\u00bb dans le but d\u00e9noncer l&rsquo;\u00abislamisation\u00bb de la Goutte-d&rsquo;Or<\/p>\n\n\n\n<figure class=\"wp-block-image size-full\"><img loading=\"lazy\" decoding=\"async\" width=\"454\" height=\"641\" src=\"https:\/\/benselme.net\/wp-content\/uploads\/2024\/12\/aperogeant.webp\" alt=\"Affiche pour l'ap\u00e9ro saucisson pinard dans la Goutte d'Or le vendredi 18 juin 2010\" class=\"wp-image-22\" srcset=\"https:\/\/benselme.net\/wp-content\/uploads\/2024\/12\/aperogeant.webp 454w, https:\/\/benselme.net\/wp-content\/uploads\/2024\/12\/aperogeant-212x300.webp 212w\" sizes=\"auto, (max-width: 454px) 100vw, 454px\" \/><\/figure>\n\n\n\n<p>Et en particulier\u2026 les pri\u00e8res de rue qui sont la cible premi\u00e8re de l&rsquo;\u00abap\u00e9ro\u00bb. En effet, les 2 mosqu\u00e9es locales d\u00e9bordent et de nombreux fid\u00e8les se trouvent contraints de prier dans la rue le vendredi, ce qui semble ne d\u00e9ranger personne dans le quartier\u2026<\/p>\n\n\n\n<figure class=\"wp-block-image size-large\"><img loading=\"lazy\" decoding=\"async\" width=\"1024\" height=\"197\" src=\"https:\/\/benselme.net\/wp-content\/uploads\/2024\/12\/construction-priere-probleme-mairie-18e-1024x197.png\" alt=\"Extrait de l'article de Fatima Khemilat\n&quot;Ici, le maire recevait pour ainsi dire pas de courriers. Si... En fait il recevait plein de courriers : de Chamb\u00e9ry, de Marseille, d\u2019autres arrondissements de Paris, les gens de Riposte la\u00efque, tous ces trucs qui fourmillent sur le web o\u00f9 on voit des provocations. C\u0327a on en recevait, mais des gens du quartier, et pas des \u00ab faux-gensdu-quartier \u00bb, comme la nana qui a lanc\u00e9 le truc sur le saucisson-pinard : non&quot;\" class=\"wp-image-23\" srcset=\"https:\/\/benselme.net\/wp-content\/uploads\/2024\/12\/construction-priere-probleme-mairie-18e-1024x197.png 1024w, https:\/\/benselme.net\/wp-content\/uploads\/2024\/12\/construction-priere-probleme-mairie-18e-300x58.png 300w, https:\/\/benselme.net\/wp-content\/uploads\/2024\/12\/construction-priere-probleme-mairie-18e-768x148.png 768w, https:\/\/benselme.net\/wp-content\/uploads\/2024\/12\/construction-priere-probleme-mairie-18e.png 1260w\" sizes=\"auto, (max-width: 1024px) 100vw, 1024px\" \/><\/figure>\n\n\n\n<p>Le rassemblement qui devait se tenir le 18 juin en face d&rsquo;une mosqu\u00e9e sera finalement interdit, et Sylvie Fran\u00e7ois d\u00e9masqu\u00e9e: c&rsquo;est un personnage fictif invent\u00e9 par le groupe Bloc Identitaire, un parti adh\u00e9rant \u00e0 la th\u00e8se du Grand remplacement tel que r\u00e9v\u00e9l\u00e9 dans ce reportage<\/p>\n\n\n\n<figure class=\"wp-block-embed is-type-video is-provider-youtube wp-block-embed-youtube wp-embed-aspect-16-9 wp-has-aspect-ratio\"><div class=\"wp-block-embed__wrapper\">\n<iframe loading=\"lazy\" title=\"Islam, Ant\u00e9christ et jambon beurre..  voyage au coeur de la machine anti-Islam.\" width=\"500\" height=\"281\" src=\"https:\/\/www.youtube.com\/embed\/DEvEA8uNYbk?start=2910&#038;feature=oembed\" frameborder=\"0\" allow=\"accelerometer; autoplay; clipboard-write; encrypted-media; gyroscope; picture-in-picture; web-share\" referrerpolicy=\"strict-origin-when-cross-origin\" allowfullscreen><\/iframe>\n<\/div><\/figure>\n\n\n\n<p>Mais c&rsquo;est un succ\u00e8s pour les n\u00e9o-nazis du Bloc identitaire car les m\u00e9dias relaient les mensonges de \u00abSylvie Fran\u00e7ois\u00bb pendant des semaines, \u00c9ric Zemmour en t\u00eate.<\/p>\n\n\n\n<p>Quelques mois plus tard, Marine Le Pen, en campagne pour la direction du Front National s&#8217;empare du th\u00e8me, comparant les pri\u00e8res de rue \u00e0 l&rsquo;occupation nazie de la France: <a href=\"https:\/\/www.dailymotion.com\/video\/x11fqwc\">https:\/\/www.dailymotion.com\/video\/x11fqwc<\/a><\/p>\n\n\n\n<p>Un \u00abd\u00e9rapage\u00bb comme son p\u00e8re? Pas du tout! Son propos d\u00e9clenche une pol\u00e9mique qui lui donne de la visibilit\u00e9 dans les m\u00e9dias tout en assurant les plus racistes de ses partisan.e.s qu&rsquo;elle est de leur bord.<\/p>\n\n\n\n<p>Le sp\u00e9cialiste de la la\u00efcit\u00e9 Jean Baub\u00e9rot consacre un chapitre \u00e0 cet \u00e9pisode dans \u00abLa la\u00efcit\u00e9 falsifi\u00e9e\u00bb. Il d\u00e9crit comment Marine Le Pen n&rsquo;a plus qu&rsquo;\u00e0 pivoter rapidement sur le th\u00e8me de la la\u00efcit\u00e9, dont elle se pr\u00e9sente comme la championne, pour encaisser les dividendes de son op\u00e9ration de comm.<\/p>\n\n\n\n<figure class=\"wp-block-image size-full\"><img loading=\"lazy\" decoding=\"async\" width=\"813\" height=\"964\" src=\"https:\/\/benselme.net\/wp-content\/uploads\/2024\/12\/laicite-falsifiee-le-pen-5.png\" alt=\"Marine Le Pen a soutenu que son propos sur l\u2019occupation n\u2019\u00e9tait nullement un d\u00e9rapage. Effectivement, elle est tr\u00e8s consciente ce qu\u2019elle fait et, de son point de vue, elle le fait de fa\u00e7on efficace. Dans un premier temps, elle a provoqu\u00e9 de vives r\u00e9actions, ce qui lui a permis de s\u2019\u00ab extr\u00eame-droitiser \u00bb, de contrer l\u2019accusation de son rival\nd\u2019\u00eatre la candidate du syst\u00e8me. Mais, tr\u00e8s vite, sans se d\u00e9savouer en aucune mani\u00e8re, en mettant en sourdine le th\u00e8me initial de l\u2019occupation, elle a op\u00e9r\u00e9 un renversement de\nsituation \u00e0 son profit. Renversement d\u2019autant plus efficace\nqu\u2019il n\u2019a pas \u00e9t\u00e9 vraiment d\u00e9crypt\u00e9. Ses propos, d\u2019abord\nconsid\u00e9r\u00e9s comme indignes, se sont trouv\u00e9s transform\u00e9s,\ngr\u00e2ce \u00e0 ce tour de passe-passe (l\u2019invocation de la la\u00efcit\u00e9), en\npropos l\u00e9gitimement aptes \u00e0 focaliser le d\u00e9bat public. Un\nd\u00e9bat qu\u2019elle va ensuite pr\u00e9tendre avoir, elle et elle seule,\npermis de lancer, face \u00e0 la c\u00e9cit\u00e9 chronique et dangereuse de\nla classe politique.\nPendant plusieurs semaines, ce d\u00e9bat s\u2019est en effet\nr\u00e9duit \u00e0 la question suivante : \u00ab Au nom de la la\u00efcit\u00e9, ne\nfaut-il pas condamner les pri\u00e8res dans la rue ? \u00bb Deux mois\ndurant, j\u2019ai re\u00e7u des coups de t\u00e9l\u00e9phone de divers journa-\nlistes me demandant si, la France \u00e9tant la\u00efque, on ne devait\npas interdire de telles pri\u00e8res. Et quand je tentai de rappeler\nla comparaison qui fut \u00e0 l\u2019origine de l\u2019int\u00e9r\u00eat m\u00e9diatique, on\nme fit comprendre que ce n\u2019\u00e9tait plus le probl\u00e8me : il fallait\nprendre position sur les pri\u00e8res dans la rue elles-m\u00eames.\nN\u2019\u00e9taient-elles pas \u00ab inacceptables \u00bb ?\" class=\"wp-image-24\" srcset=\"https:\/\/benselme.net\/wp-content\/uploads\/2024\/12\/laicite-falsifiee-le-pen-5.png 813w, https:\/\/benselme.net\/wp-content\/uploads\/2024\/12\/laicite-falsifiee-le-pen-5-253x300.png 253w, https:\/\/benselme.net\/wp-content\/uploads\/2024\/12\/laicite-falsifiee-le-pen-5-768x911.png 768w\" sizes=\"auto, (max-width: 813px) 100vw, 813px\" \/><\/figure>\n\n\n\n<p>\u00c0 partir de l\u00e0, le th\u00e8me de la pri\u00e8re de rue est constitu\u00e9 en probl\u00e8me social l\u00e9gitime et le reste de la classe politique peut s&rsquo;en emparer, de droite \u00e0 gauche.<\/p>\n\n\n\n<p>Quelques sondages venant confirmer l&rsquo;inqui\u00e9tude d\u00e9sormais manifeste des fran\u00e7ais \u00e0 ce sujet qui s&rsquo;imaginent des centaines de rues occup\u00e9es et des minarets partout\u2026 sans surprise apr\u00e8s des mois de battage m\u00e9diatique<\/p>\n\n\n\n<figure class=\"wp-block-image size-full\"><img loading=\"lazy\" decoding=\"async\" width=\"754\" height=\"703\" src=\"https:\/\/benselme.net\/wp-content\/uploads\/2024\/12\/laicite-falsifiee-sondages.png\" alt=\"Extrait du livre de J. Baub\u00e9rot: &quot;&quot;\" class=\"wp-image-25\" srcset=\"https:\/\/benselme.net\/wp-content\/uploads\/2024\/12\/laicite-falsifiee-sondages.png 754w, https:\/\/benselme.net\/wp-content\/uploads\/2024\/12\/laicite-falsifiee-sondages-300x280.png 300w\" sizes=\"auto, (max-width: 754px) 100vw, 754px\" \/><\/figure>\n\n\n\n<p>\u00c9tape finale, l&rsquo;\u00c9tat, pr\u00e9sid\u00e9 alors par Nicolas Sarkozy, interdit les pri\u00e8res de rue en septembre 2011, reprenant le langage introduit par Le Pen sur la pri\u00e8re de rue comme une forme d&rsquo;\u00aboccupation\u00bb <\/p>\n\n\n\n<figure class=\"wp-block-image size-large\"><img loading=\"lazy\" decoding=\"async\" width=\"1024\" height=\"514\" src=\"https:\/\/benselme.net\/wp-content\/uploads\/2024\/12\/gueant-loi-prieres-1024x514.png\" alt=\"Extrait de l'article de Fatima Khemilat: &quot;Proposition qui sera suivie d\u2019effets puisque le 14 septembre 2011, Claude Gu\u00e9ant annon\u00e7ait en ces termes dans Le Figaro que l\u2019interdiction des pri\u00e8res de rue serait effective \u00e0 compter du vendredi 16 septembre 2011 :  Le FIGARO : La pri\u00e8re dans la rue doit cesser demain. A la veille de cette date butoir, peut-on dresser un \u00e9tat des lieux de cette pratique en France ? \u00bb Claude Gu\u00e9ant : Trois villes sont touch\u00e9es par ce ph\u00e9nom\u00e8ne [...] o\u00f9 la tentation d\u2019occuper l\u2019espace public existe encore [...]. Ma vigilance sera sans faille pour que la loi soit appliqu\u00e9e. Prier dans la rue n\u2019est pas digne d\u2019une pratique religieuse et contrevient au principe de la\u00efcit\u00e946 \u00bb.  Dans cet extrait, en quelques lignes, se retrouvent deux notions fondamentales que Marine Le Pen a associ\u00e9es avec les pri\u00e8res de rue : celle d\u2019occupation et la rh\u00e9torique de la la\u00efcit\u00e9.&quot;\" class=\"wp-image-26\" srcset=\"https:\/\/benselme.net\/wp-content\/uploads\/2024\/12\/gueant-loi-prieres-1024x514.png 1024w, https:\/\/benselme.net\/wp-content\/uploads\/2024\/12\/gueant-loi-prieres-300x151.png 300w, https:\/\/benselme.net\/wp-content\/uploads\/2024\/12\/gueant-loi-prieres-768x385.png 768w, https:\/\/benselme.net\/wp-content\/uploads\/2024\/12\/gueant-loi-prieres.png 1305w\" sizes=\"auto, (max-width: 1024px) 100vw, 1024px\" \/><\/figure>\n\n\n\n<p>Mais revenons au Qu\u00e9bec. Ce que fait Legault n&rsquo;a rien de nouveau: depuis 2006, c&rsquo;est devenu un r\u00e9flexe du c\u00f4t\u00e9 des partis les plus nationalistes (PQ, CAQ, ADQ) de piger dans le r\u00e9pertoire de l&rsquo;extr\u00eame droite fran\u00e7aise, y compris et surtout l&rsquo;utilisation d&rsquo;une la\u00efcit\u00e9 falsifi\u00e9e.<\/p>\n\n\n\n<p>Les exemples sont malheureusement trop nombreux pour \u00eatre mentionn\u00e9s ici: \u00abcrise des accommodements raisonnables\u00bb, pol\u00e9miques pendant plus de 10 ans sur la burqa, le hidjab, le niqab, le tchador, r\u00e9cemment l&rsquo;\u00e9cole Bedford\u2026<\/p>\n\n\n\n<p>Chaque fois, comme dans l&rsquo;affaire des pri\u00e8res de rue en France, politiques et m\u00e9dias entrent en r\u00e9sonance pour monopoliser le discours public et l\u00e9gitimiser les id\u00e9es racistes de l&rsquo;extr\u00eame droite. Jusqu&rsquo;\u00e0 quand marcherons-nous dans cette triste combine?<\/p>\n","protected":false},"excerpt":{"rendered":"<p>Initialement publi\u00e9 sur BlueSky: https:\/\/bsky.app\/profile\/benselme.bsky.social\/post\/3ldeweotdbk2c La mobilisation du th\u00e8me des pri\u00e8res de rue par Legault, \u00e7a vient d&rsquo;o\u00f9? Comme souvent c&rsquo;est du c\u00f4t\u00e9 de la France qu&rsquo;il faut se tourner pour comprendre l&rsquo;irruption de cette lubie au Qu\u00e9bec. \ud83e\uddf5 sur ces paniques identitaires d\u00e9clench\u00e9es par l&rsquo;extr\u00eame droite fran\u00e7aise depuis 15 ans environ Un article de [&hellip;]<\/p>\n","protected":false},"author":1,"featured_media":32,"comment_status":"open","ping_status":"open","sticky":false,"template":"","format":"standard","meta":{"footnotes":""},"categories":[1],"tags":[],"class_list":["post-1","post","type-post","status-publish","format-standard","has-post-thumbnail","hentry","category-uncategorized"],"_links":{"self":[{"href":"https:\/\/benselme.net\/index.php\/wp-json\/wp\/v2\/posts\/1","targetHints":{"allow":["GET"]}}],"collection":[{"href":"https:\/\/benselme.net\/index.php\/wp-json\/wp\/v2\/posts"}],"about":[{"href":"https:\/\/benselme.net\/index.php\/wp-json\/wp\/v2\/types\/post"}],"author":[{"embeddable":true,"href":"https:\/\/benselme.net\/index.php\/wp-json\/wp\/v2\/users\/1"}],"replies":[{"embeddable":true,"href":"https:\/\/benselme.net\/index.php\/wp-json\/wp\/v2\/comments?post=1"}],"version-history":[{"count":12,"href":"https:\/\/benselme.net\/index.php\/wp-json\/wp\/v2\/posts\/1\/revisions"}],"predecessor-version":[{"id":40,"href":"https:\/\/benselme.net\/index.php\/wp-json\/wp\/v2\/posts\/1\/revisions\/40"}],"wp:featuredmedia":[{"embeddable":true,"href":"https:\/\/benselme.net\/index.php\/wp-json\/wp\/v2\/media\/32"}],"wp:attachment":[{"href":"https:\/\/benselme.net\/index.php\/wp-json\/wp\/v2\/media?parent=1"}],"wp:term":[{"taxonomy":"category","embeddable":true,"href":"https:\/\/benselme.net\/index.php\/wp-json\/wp\/v2\/categories?post=1"},{"taxonomy":"post_tag","embeddable":true,"href":"https:\/\/benselme.net\/index.php\/wp-json\/wp\/v2\/tags?post=1"}],"curies":[{"name":"wp","href":"https:\/\/api.w.org\/{rel}","templated":true}]}}